{"id":245,"date":"2017-09-21T16:42:10","date_gmt":"2017-09-21T16:42:10","guid":{"rendered":"https:\/\/cgdv.ch\/2017\/?p=245"},"modified":"2019-07-03T14:09:36","modified_gmt":"2019-07-03T14:09:36","slug":"liens","status":"publish","type":"post","link":"https:\/\/cgdv.ch\/2017\/liens\/","title":{"rendered":"liens"},"content":{"rendered":"<h3 style=\"padding-left: 90px;\"><img data-recalc-dims=\"1\" loading=\"lazy\" decoding=\"async\" data-attachment-id=\"586\" data-permalink=\"https:\/\/cgdv.ch\/2017\/liens\/music-3386883_1920\/\" data-orig-file=\"https:\/\/i0.wp.com\/cgdv.ch\/2017\/wp-content\/uploads\/2018\/05\/music-3386883_1920.jpg?fit=1920%2C1276&amp;ssl=1\" data-orig-size=\"1920,1276\" data-comments-opened=\"1\" data-image-meta=\"{&quot;aperture&quot;:&quot;5&quot;,&quot;credit&quot;:&quot;&quot;,&quot;camera&quot;:&quot;Canon EOS 80D&quot;,&quot;caption&quot;:&quot;&quot;,&quot;created_timestamp&quot;:&quot;0&quot;,&quot;copyright&quot;:&quot;&quot;,&quot;focal_length&quot;:&quot;50&quot;,&quot;iso&quot;:&quot;800&quot;,&quot;shutter_speed&quot;:&quot;0.076923076923077&quot;,&quot;title&quot;:&quot;&quot;,&quot;orientation&quot;:&quot;0&quot;}\" data-image-title=\"music-3386883_1920\" data-image-description=\"\" data-image-caption=\"\" data-large-file=\"https:\/\/i0.wp.com\/cgdv.ch\/2017\/wp-content\/uploads\/2018\/05\/music-3386883_1920.jpg?fit=900%2C599&amp;ssl=1\" class=\"alignnone wp-image-586\" src=\"https:\/\/i0.wp.com\/cgdv.ch\/2017\/wp-content\/uploads\/2018\/05\/music-3386883_1920.jpg?resize=347%2C230&#038;ssl=1\" alt=\"\" width=\"347\" height=\"230\" srcset=\"https:\/\/i0.wp.com\/cgdv.ch\/2017\/wp-content\/uploads\/2018\/05\/music-3386883_1920.jpg?resize=300%2C199&amp;ssl=1 300w, https:\/\/i0.wp.com\/cgdv.ch\/2017\/wp-content\/uploads\/2018\/05\/music-3386883_1920.jpg?resize=768%2C510&amp;ssl=1 768w, https:\/\/i0.wp.com\/cgdv.ch\/2017\/wp-content\/uploads\/2018\/05\/music-3386883_1920.jpg?resize=1024%2C681&amp;ssl=1 1024w, https:\/\/i0.wp.com\/cgdv.ch\/2017\/wp-content\/uploads\/2018\/05\/music-3386883_1920.jpg?resize=150%2C100&amp;ssl=1 150w, https:\/\/i0.wp.com\/cgdv.ch\/2017\/wp-content\/uploads\/2018\/05\/music-3386883_1920.jpg?w=1920&amp;ssl=1 1920w, https:\/\/i0.wp.com\/cgdv.ch\/2017\/wp-content\/uploads\/2018\/05\/music-3386883_1920.jpg?w=1800&amp;ssl=1 1800w\" sizes=\"auto, (max-width: 347px) 100vw, 347px\" \/><img data-recalc-dims=\"1\" loading=\"lazy\" decoding=\"async\" data-attachment-id=\"585\" data-permalink=\"https:\/\/cgdv.ch\/2017\/liens\/music-2113873_1920\/\" data-orig-file=\"https:\/\/i0.wp.com\/cgdv.ch\/2017\/wp-content\/uploads\/2018\/05\/music-2113873_1920.jpg?fit=1920%2C1077&amp;ssl=1\" data-orig-size=\"1920,1077\" data-comments-opened=\"1\" data-image-meta=\"{&quot;aperture&quot;:&quot;2.2&quot;,&quot;credit&quot;:&quot;&quot;,&quot;camera&quot;:&quot;Canon EOS M&quot;,&quot;caption&quot;:&quot;&quot;,&quot;created_timestamp&quot;:&quot;0&quot;,&quot;copyright&quot;:&quot;&quot;,&quot;focal_length&quot;:&quot;22&quot;,&quot;iso&quot;:&quot;800&quot;,&quot;shutter_speed&quot;:&quot;0.033333333333333&quot;,&quot;title&quot;:&quot;&quot;,&quot;orientation&quot;:&quot;0&quot;}\" data-image-title=\"music-2113873_1920\" data-image-description=\"\" data-image-caption=\"\" data-large-file=\"https:\/\/i0.wp.com\/cgdv.ch\/2017\/wp-content\/uploads\/2018\/05\/music-2113873_1920.jpg?fit=900%2C504&amp;ssl=1\" class=\"alignnone wp-image-585\" src=\"https:\/\/i0.wp.com\/cgdv.ch\/2017\/wp-content\/uploads\/2018\/05\/music-2113873_1920.jpg?resize=409%2C229&#038;ssl=1\" alt=\"\" width=\"409\" height=\"229\" srcset=\"https:\/\/i0.wp.com\/cgdv.ch\/2017\/wp-content\/uploads\/2018\/05\/music-2113873_1920.jpg?resize=300%2C168&amp;ssl=1 300w, https:\/\/i0.wp.com\/cgdv.ch\/2017\/wp-content\/uploads\/2018\/05\/music-2113873_1920.jpg?resize=768%2C431&amp;ssl=1 768w, https:\/\/i0.wp.com\/cgdv.ch\/2017\/wp-content\/uploads\/2018\/05\/music-2113873_1920.jpg?resize=1024%2C574&amp;ssl=1 1024w, https:\/\/i0.wp.com\/cgdv.ch\/2017\/wp-content\/uploads\/2018\/05\/music-2113873_1920.jpg?resize=150%2C84&amp;ssl=1 150w, https:\/\/i0.wp.com\/cgdv.ch\/2017\/wp-content\/uploads\/2018\/05\/music-2113873_1920.jpg?w=1920&amp;ssl=1 1920w, https:\/\/i0.wp.com\/cgdv.ch\/2017\/wp-content\/uploads\/2018\/05\/music-2113873_1920.jpg?w=1800&amp;ssl=1 1800w\" sizes=\"auto, (max-width: 409px) 100vw, 409px\" \/><\/h3>\n<h6><strong style=\"font-size: 1.878em; line-height: 1.5em;\">SOUTIEN &amp; SPONSOR<\/strong><\/h6>\n<h2><a href=\"http:\/\/www.kiwanis-grosdevaud.ch\/\"> <img data-recalc-dims=\"1\" loading=\"lazy\" decoding=\"async\" data-attachment-id=\"390\" data-permalink=\"https:\/\/cgdv.ch\/2017\/liens\/sponsors_kiwanis\/\" data-orig-file=\"https:\/\/i0.wp.com\/cgdv.ch\/2017\/wp-content\/uploads\/2017\/11\/sponsors_kiwanis.png?fit=300%2C100&amp;ssl=1\" data-orig-size=\"300,100\" data-comments-opened=\"1\" data-image-meta=\"{&quot;aperture&quot;:&quot;0&quot;,&quot;credit&quot;:&quot;&quot;,&quot;camera&quot;:&quot;&quot;,&quot;caption&quot;:&quot;&quot;,&quot;created_timestamp&quot;:&quot;0&quot;,&quot;copyright&quot;:&quot;&quot;,&quot;focal_length&quot;:&quot;0&quot;,&quot;iso&quot;:&quot;0&quot;,&quot;shutter_speed&quot;:&quot;0&quot;,&quot;title&quot;:&quot;&quot;,&quot;orientation&quot;:&quot;0&quot;}\" data-image-title=\"sponsors_kiwanis\" data-image-description=\"\" data-image-caption=\"\" data-large-file=\"https:\/\/i0.wp.com\/cgdv.ch\/2017\/wp-content\/uploads\/2017\/11\/sponsors_kiwanis.png?fit=300%2C100&amp;ssl=1\" class=\"alignnone wp-image-390\" style=\"font-size: 18px;\" src=\"https:\/\/i0.wp.com\/cgdv.ch\/2017\/wp-content\/uploads\/2017\/11\/sponsors_kiwanis.png?resize=222%2C74&#038;ssl=1\" alt=\"\" width=\"222\" height=\"74\" srcset=\"https:\/\/i0.wp.com\/cgdv.ch\/2017\/wp-content\/uploads\/2017\/11\/sponsors_kiwanis.png?w=300&amp;ssl=1 300w, https:\/\/i0.wp.com\/cgdv.ch\/2017\/wp-content\/uploads\/2017\/11\/sponsors_kiwanis.png?resize=150%2C50&amp;ssl=1 150w\" sizes=\"auto, (max-width: 222px) 100vw, 222px\" \/><\/a><\/h2>\n<hr>\n<h3><strong>Nos amis&#8230;<\/strong><\/h3>\n<p><strong> AAV, le th\u00e9\u00e2tre autrement&#8230;<\/strong> &nbsp;&nbsp;<strong><a href=\"https:\/\/www.aavuarrens.ch\/\"><img data-recalc-dims=\"1\" loading=\"lazy\" decoding=\"async\" data-attachment-id=\"395\" data-permalink=\"https:\/\/cgdv.ch\/2017\/liens\/aav_affiche-2\/\" data-orig-file=\"https:\/\/i0.wp.com\/cgdv.ch\/2017\/wp-content\/uploads\/2017\/11\/aav_affiche-1.jpg?fit=1430%2C485&amp;ssl=1\" data-orig-size=\"1430,485\" data-comments-opened=\"1\" data-image-meta=\"{&quot;aperture&quot;:&quot;0&quot;,&quot;credit&quot;:&quot;&quot;,&quot;camera&quot;:&quot;&quot;,&quot;caption&quot;:&quot;&quot;,&quot;created_timestamp&quot;:&quot;0&quot;,&quot;copyright&quot;:&quot;&quot;,&quot;focal_length&quot;:&quot;0&quot;,&quot;iso&quot;:&quot;0&quot;,&quot;shutter_speed&quot;:&quot;0&quot;,&quot;title&quot;:&quot;&quot;,&quot;orientation&quot;:&quot;0&quot;}\" data-image-title=\"aav_affiche\" data-image-description=\"\" data-image-caption=\"\" data-large-file=\"https:\/\/i0.wp.com\/cgdv.ch\/2017\/wp-content\/uploads\/2017\/11\/aav_affiche-1.jpg?fit=900%2C305&amp;ssl=1\" class=\"alignnone size-medium wp-image-395\" src=\"https:\/\/i0.wp.com\/cgdv.ch\/2017\/wp-content\/uploads\/2017\/11\/aav_affiche-1.jpg?resize=300%2C102&#038;ssl=1\" alt=\"\" width=\"300\" height=\"102\" srcset=\"https:\/\/i0.wp.com\/cgdv.ch\/2017\/wp-content\/uploads\/2017\/11\/aav_affiche-1.jpg?resize=300%2C102&amp;ssl=1 300w, https:\/\/i0.wp.com\/cgdv.ch\/2017\/wp-content\/uploads\/2017\/11\/aav_affiche-1.jpg?resize=768%2C260&amp;ssl=1 768w, https:\/\/i0.wp.com\/cgdv.ch\/2017\/wp-content\/uploads\/2017\/11\/aav_affiche-1.jpg?resize=1024%2C347&amp;ssl=1 1024w, https:\/\/i0.wp.com\/cgdv.ch\/2017\/wp-content\/uploads\/2017\/11\/aav_affiche-1.jpg?resize=150%2C51&amp;ssl=1 150w, https:\/\/i0.wp.com\/cgdv.ch\/2017\/wp-content\/uploads\/2017\/11\/aav_affiche-1.jpg?w=1430&amp;ssl=1 1430w\" sizes=\"auto, (max-width: 300px) 100vw, 300px\" \/><\/a>&nbsp;<\/strong><\/p>\n<p><strong>Notre accordeur de pianos se trouve \u00e0 Estavayer-Le-Lac&#8230;<\/strong><em>&nbsp; <a href=\"http:\/\/www.clairson.ch\" target=\"_blank\" rel=\"noopener noreferrer\"><img data-recalc-dims=\"1\" loading=\"lazy\" decoding=\"async\" data-attachment-id=\"258\" data-permalink=\"https:\/\/cgdv.ch\/2017\/liens\/images\/\" data-orig-file=\"https:\/\/i0.wp.com\/cgdv.ch\/2017\/wp-content\/uploads\/2017\/09\/images.jpg?fit=388%2C130&amp;ssl=1\" data-orig-size=\"388,130\" data-comments-opened=\"1\" data-image-meta=\"{&quot;aperture&quot;:&quot;0&quot;,&quot;credit&quot;:&quot;&quot;,&quot;camera&quot;:&quot;&quot;,&quot;caption&quot;:&quot;&quot;,&quot;created_timestamp&quot;:&quot;0&quot;,&quot;copyright&quot;:&quot;&quot;,&quot;focal_length&quot;:&quot;0&quot;,&quot;iso&quot;:&quot;0&quot;,&quot;shutter_speed&quot;:&quot;0&quot;,&quot;title&quot;:&quot;&quot;,&quot;orientation&quot;:&quot;0&quot;}\" data-image-title=\"images\" data-image-description=\"\" data-image-caption=\"\" data-large-file=\"https:\/\/i0.wp.com\/cgdv.ch\/2017\/wp-content\/uploads\/2017\/09\/images.jpg?fit=388%2C130&amp;ssl=1\" class=\"alignnone wp-image-258\" src=\"https:\/\/i0.wp.com\/cgdv.ch\/2017\/wp-content\/uploads\/2017\/09\/images.jpg?resize=223%2C75&#038;ssl=1\" alt=\"\" width=\"223\" height=\"75\" srcset=\"https:\/\/i0.wp.com\/cgdv.ch\/2017\/wp-content\/uploads\/2017\/09\/images.jpg?resize=300%2C101&amp;ssl=1 300w, https:\/\/i0.wp.com\/cgdv.ch\/2017\/wp-content\/uploads\/2017\/09\/images.jpg?resize=150%2C50&amp;ssl=1 150w, https:\/\/i0.wp.com\/cgdv.ch\/2017\/wp-content\/uploads\/2017\/09\/images.jpg?w=388&amp;ssl=1 388w\" sizes=\"auto, (max-width: 223px) 100vw, 223px\" \/> <\/a><\/em><\/p>\n<p><strong>Sp\u00e9cialis\u00e9 dans la r\u00e9paration d&rsquo;instruments \u00e0 vent \u00e0 Lausanne&#8230;<\/strong> <a href=\"https:\/\/www.atelierpauldevins.com\"><img data-recalc-dims=\"1\" loading=\"lazy\" decoding=\"async\" data-attachment-id=\"260\" data-permalink=\"https:\/\/cgdv.ch\/2017\/liens\/186411db99ec4e93a67e2aec80f3905e_medium\/\" data-orig-file=\"https:\/\/i0.wp.com\/cgdv.ch\/2017\/wp-content\/uploads\/2017\/09\/186411db99ec4e93a67e2aec80f3905e_medium.jpg?fit=200%2C100&amp;ssl=1\" data-orig-size=\"200,100\" data-comments-opened=\"1\" data-image-meta=\"{&quot;aperture&quot;:&quot;0&quot;,&quot;credit&quot;:&quot;&quot;,&quot;camera&quot;:&quot;&quot;,&quot;caption&quot;:&quot;&quot;,&quot;created_timestamp&quot;:&quot;0&quot;,&quot;copyright&quot;:&quot;&quot;,&quot;focal_length&quot;:&quot;0&quot;,&quot;iso&quot;:&quot;0&quot;,&quot;shutter_speed&quot;:&quot;0&quot;,&quot;title&quot;:&quot;&quot;,&quot;orientation&quot;:&quot;0&quot;}\" data-image-title=\"186411db99ec4e93a67e2aec80f3905e_medium\" data-image-description=\"\" data-image-caption=\"\" data-large-file=\"https:\/\/i0.wp.com\/cgdv.ch\/2017\/wp-content\/uploads\/2017\/09\/186411db99ec4e93a67e2aec80f3905e_medium.jpg?fit=200%2C100&amp;ssl=1\" class=\"alignnone wp-image-260\" src=\"https:\/\/i0.wp.com\/cgdv.ch\/2017\/wp-content\/uploads\/2017\/09\/186411db99ec4e93a67e2aec80f3905e_medium.jpg?resize=162%2C81&#038;ssl=1\" alt=\"\" width=\"162\" height=\"81\" srcset=\"https:\/\/i0.wp.com\/cgdv.ch\/2017\/wp-content\/uploads\/2017\/09\/186411db99ec4e93a67e2aec80f3905e_medium.jpg?w=200&amp;ssl=1 200w, https:\/\/i0.wp.com\/cgdv.ch\/2017\/wp-content\/uploads\/2017\/09\/186411db99ec4e93a67e2aec80f3905e_medium.jpg?resize=150%2C75&amp;ssl=1 150w\" sizes=\"auto, (max-width: 162px) 100vw, 162px\" \/><\/a><\/p>\n<p><strong>Luthier&nbsp;en&nbsp;guitares&#8230;&nbsp;<a href=\"https:\/\/www.guitare-lausanne.ch\"><img data-recalc-dims=\"1\" loading=\"lazy\" decoding=\"async\" data-attachment-id=\"543\" data-permalink=\"https:\/\/cgdv.ch\/2017\/liens\/cgdv_lopiccolo\/\" data-orig-file=\"https:\/\/i0.wp.com\/cgdv.ch\/2017\/wp-content\/uploads\/2018\/05\/Cgdv_LOPICCOLO.jpg?fit=972%2C652&amp;ssl=1\" data-orig-size=\"972,652\" data-comments-opened=\"1\" data-image-meta=\"{&quot;aperture&quot;:&quot;0&quot;,&quot;credit&quot;:&quot;&quot;,&quot;camera&quot;:&quot;&quot;,&quot;caption&quot;:&quot;&quot;,&quot;created_timestamp&quot;:&quot;0&quot;,&quot;copyright&quot;:&quot;&quot;,&quot;focal_length&quot;:&quot;0&quot;,&quot;iso&quot;:&quot;0&quot;,&quot;shutter_speed&quot;:&quot;0&quot;,&quot;title&quot;:&quot;&quot;,&quot;orientation&quot;:&quot;0&quot;}\" data-image-title=\"Cgdv_LOPICCOLO\" data-image-description=\"\" data-image-caption=\"\" data-large-file=\"https:\/\/i0.wp.com\/cgdv.ch\/2017\/wp-content\/uploads\/2018\/05\/Cgdv_LOPICCOLO.jpg?fit=900%2C604&amp;ssl=1\" class=\"alignnone wp-image-543\" src=\"https:\/\/i0.wp.com\/cgdv.ch\/2017\/wp-content\/uploads\/2018\/05\/Cgdv_LOPICCOLO.jpg?resize=206%2C138&#038;ssl=1\" alt=\"\" width=\"206\" height=\"138\" srcset=\"https:\/\/i0.wp.com\/cgdv.ch\/2017\/wp-content\/uploads\/2018\/05\/Cgdv_LOPICCOLO.jpg?resize=300%2C201&amp;ssl=1 300w, https:\/\/i0.wp.com\/cgdv.ch\/2017\/wp-content\/uploads\/2018\/05\/Cgdv_LOPICCOLO.jpg?resize=768%2C515&amp;ssl=1 768w, https:\/\/i0.wp.com\/cgdv.ch\/2017\/wp-content\/uploads\/2018\/05\/Cgdv_LOPICCOLO.jpg?resize=150%2C101&amp;ssl=1 150w, https:\/\/i0.wp.com\/cgdv.ch\/2017\/wp-content\/uploads\/2018\/05\/Cgdv_LOPICCOLO.jpg?w=972&amp;ssl=1 972w\" sizes=\"auto, (max-width: 206px) 100vw, 206px\" \/><\/a>&#8230;Piero Lo Piccolo &#8211; Lutherie<\/strong><\/p>\n<p><strong>Partitions et instruments de musique \u00e0 Yverdon chez : <\/strong><a href=\"http:\/\/www.musique-son.ch\/\" target=\"_blank\" rel=\"noopener noreferrer\"><img data-recalc-dims=\"1\" loading=\"lazy\" decoding=\"async\" data-attachment-id=\"261\" data-permalink=\"https:\/\/cgdv.ch\/2017\/liens\/notremag\/\" data-orig-file=\"https:\/\/i0.wp.com\/cgdv.ch\/2017\/wp-content\/uploads\/2017\/09\/notremag.jpg?fit=1240%2C485&amp;ssl=1\" data-orig-size=\"1240,485\" data-comments-opened=\"1\" data-image-meta=\"{&quot;aperture&quot;:&quot;0&quot;,&quot;credit&quot;:&quot;&quot;,&quot;camera&quot;:&quot;&quot;,&quot;caption&quot;:&quot;&quot;,&quot;created_timestamp&quot;:&quot;0&quot;,&quot;copyright&quot;:&quot;&quot;,&quot;focal_length&quot;:&quot;0&quot;,&quot;iso&quot;:&quot;0&quot;,&quot;shutter_speed&quot;:&quot;0&quot;,&quot;title&quot;:&quot;&quot;,&quot;orientation&quot;:&quot;1&quot;}\" data-image-title=\"notremag\" data-image-description=\"\" data-image-caption=\"\" data-large-file=\"https:\/\/i0.wp.com\/cgdv.ch\/2017\/wp-content\/uploads\/2017\/09\/notremag.jpg?fit=900%2C352&amp;ssl=1\" class=\"alignnone wp-image-261\" src=\"https:\/\/i0.wp.com\/cgdv.ch\/2017\/wp-content\/uploads\/2017\/09\/notremag.jpg?resize=239%2C93&#038;ssl=1\" alt=\"\" width=\"239\" height=\"93\" srcset=\"https:\/\/i0.wp.com\/cgdv.ch\/2017\/wp-content\/uploads\/2017\/09\/notremag.jpg?resize=300%2C117&amp;ssl=1 300w, https:\/\/i0.wp.com\/cgdv.ch\/2017\/wp-content\/uploads\/2017\/09\/notremag.jpg?resize=768%2C300&amp;ssl=1 768w, https:\/\/i0.wp.com\/cgdv.ch\/2017\/wp-content\/uploads\/2017\/09\/notremag.jpg?resize=1024%2C401&amp;ssl=1 1024w, https:\/\/i0.wp.com\/cgdv.ch\/2017\/wp-content\/uploads\/2017\/09\/notremag.jpg?resize=150%2C59&amp;ssl=1 150w, https:\/\/i0.wp.com\/cgdv.ch\/2017\/wp-content\/uploads\/2017\/09\/notremag.jpg?w=1240&amp;ssl=1 1240w\" sizes=\"auto, (max-width: 239px) 100vw, 239px\" \/><\/a><\/p>\n<p><strong>Atelier de lutherie, un des points de convergence des cordes de Lausanne et ses alentours.<\/strong> <a href=\"http:\/\/www.luthiers.ch\/\" target=\"_blank\" rel=\"noopener noreferrer\"><img data-recalc-dims=\"1\" loading=\"lazy\" decoding=\"async\" data-attachment-id=\"262\" data-permalink=\"https:\/\/cgdv.ch\/2017\/liens\/luthiers\/\" data-orig-file=\"https:\/\/i0.wp.com\/cgdv.ch\/2017\/wp-content\/uploads\/2017\/09\/luthiers.gif?fit=235%2C145&amp;ssl=1\" data-orig-size=\"235,145\" data-comments-opened=\"1\" data-image-meta=\"{&quot;aperture&quot;:&quot;0&quot;,&quot;credit&quot;:&quot;&quot;,&quot;camera&quot;:&quot;&quot;,&quot;caption&quot;:&quot;&quot;,&quot;created_timestamp&quot;:&quot;0&quot;,&quot;copyright&quot;:&quot;&quot;,&quot;focal_length&quot;:&quot;0&quot;,&quot;iso&quot;:&quot;0&quot;,&quot;shutter_speed&quot;:&quot;0&quot;,&quot;title&quot;:&quot;&quot;,&quot;orientation&quot;:&quot;0&quot;}\" data-image-title=\"luthiers\" data-image-description=\"\" data-image-caption=\"\" data-large-file=\"https:\/\/i0.wp.com\/cgdv.ch\/2017\/wp-content\/uploads\/2017\/09\/luthiers.gif?fit=235%2C145&amp;ssl=1\" class=\"alignnone wp-image-262\" src=\"https:\/\/i0.wp.com\/cgdv.ch\/2017\/wp-content\/uploads\/2017\/09\/luthiers.gif?resize=143%2C88&#038;ssl=1\" alt=\"\" width=\"143\" height=\"88\"><\/a><\/p>\n","protected":false},"excerpt":{"rendered":"<p>SOUTIEN &amp; SPONSOR Nos amis&#8230; AAV, le th\u00e9\u00e2tre autrement&#8230; &nbsp;&nbsp;&nbsp; Notre accordeur de pianos se trouve \u00e0 Estavayer-Le-Lac&#8230;&nbsp; Sp\u00e9cialis\u00e9 dans la r\u00e9paration d&rsquo;instruments \u00e0 vent \u00e0 Lausanne&#8230; Luthier&nbsp;en&nbsp;guitares&#8230;&nbsp;&#8230;Piero Lo Piccolo &#8211; Lutherie Partitions et instruments de musique \u00e0 Yverdon chez : Atelier de lutherie, un des points de convergence des&#8230;<\/p>\n<p> <a class=\"continue-reading-link\" href=\"https:\/\/cgdv.ch\/2017\/liens\/\"><span>Continue reading<\/span><i class=\"crycon-right-dir\"><\/i><\/a> <\/p>\n","protected":false},"author":2,"featured_media":0,"comment_status":"closed","ping_status":"closed","sticky":false,"template":"","format":"standard","meta":{"jetpack_post_was_ever_published":false,"_jetpack_newsletter_access":"","_jetpack_dont_email_post_to_subs":false,"_jetpack_newsletter_tier_id":0,"_jetpack_memberships_contains_paywalled_content":false,"_jetpack_memberships_contains_paid_content":false,"footnotes":"","jetpack_publicize_message":"","jetpack_publicize_feature_enabled":true,"jetpack_social_post_already_shared":false,"jetpack_social_options":{"image_generator_settings":{"template":"highway","default_image_id":0,"font":"","enabled":false},"version":2}},"categories":[7],"tags":[],"class_list":["post-245","post","type-post","status-publish","format-standard","hentry","category-liens"],"jetpack_publicize_connections":[],"jetpack_featured_media_url":"","jetpack_sharing_enabled":false,"jetpack_shortlink":"https:\/\/wp.me\/s9doYr-liens","jetpack_likes_enabled":true,"jetpack-related-posts":[{"id":210,"url":"https:\/\/cgdv.ch\/2017\/lassociation-du-conservatoire-de-musique-du-gros-de-vaud\/","url_meta":{"origin":245,"position":0},"title":"L&rsquo;association du Conservatoire des R\u00e9gions\/Gros-de-Vaud","author":"admin","date":"septembre 21, 2017","format":false,"excerpt":"Depuis 1994, sous le nom d\u2019Association du Conservatoire de Musique du Gros-de-Vaud, il est cr\u00e9\u00e9 une Association \u00e0 but non lucratif r\u00e9gie par des statuts et par les articles 60 et suivants du Code civil suisse . Notre association a pour but \u00a0: - de promouvoir et d\u00e9velopper une vie\u2026","rel":"","context":"Dans &quot;L'Association&quot;","block_context":{"text":"L'Association","link":"https:\/\/cgdv.ch\/2017\/category\/lassociation\/"},"img":{"alt_text":"","src":"https:\/\/i0.wp.com\/cgdv.ch\/2017\/wp-content\/uploads\/2022\/06\/Capture-decran-2022-06-22-a-09.59.58-e1668083175780.png?resize=350%2C200&ssl=1","width":350,"height":200,"srcset":"https:\/\/i0.wp.com\/cgdv.ch\/2017\/wp-content\/uploads\/2022\/06\/Capture-decran-2022-06-22-a-09.59.58-e1668083175780.png?resize=350%2C200&ssl=1 1x, https:\/\/i0.wp.com\/cgdv.ch\/2017\/wp-content\/uploads\/2022\/06\/Capture-decran-2022-06-22-a-09.59.58-e1668083175780.png?resize=525%2C300&ssl=1 1.5x, https:\/\/i0.wp.com\/cgdv.ch\/2017\/wp-content\/uploads\/2022\/06\/Capture-decran-2022-06-22-a-09.59.58-e1668083175780.png?resize=700%2C400&ssl=1 2x"},"classes":[]},{"id":233,"url":"https:\/\/cgdv.ch\/2017\/multimedias\/","url_meta":{"origin":245,"position":1},"title":"Multim\u00e9dias","author":"admin","date":"ao\u00fbt 21, 2022","format":false,"excerpt":"\"GRANDIR AVEC LA MUSIQUE DE BACH A PIAZZOLLA\" Ce titre pourrait \u00eatre le slogan du Conservatoire. Or, c'est celui du compact-disc enregistr\u00e9 par les \u00e9l\u00e8ves en fin d'ann\u00e9e 1997. Ce fut une id\u00e9e lanc\u00e9e par le directeur du Conservatoire lors de l'assembl\u00e9e g\u00e9n\u00e9rale de l'an dernier. Elle avait pour but\u2026","rel":"","context":"Dans &quot;Multim\u00e9dias&quot;","block_context":{"text":"Multim\u00e9dias","link":"https:\/\/cgdv.ch\/2017\/category\/multimedias\/"},"img":{"alt_text":"","src":"https:\/\/i0.wp.com\/cgdv.ch\/2017\/wp-content\/uploads\/2017\/09\/cgdvgrandir_avec_la_musique.jpg?resize=350%2C200&ssl=1","width":350,"height":200},"classes":[]},{"id":87,"url":"https:\/\/cgdv.ch\/2017\/le-conservatoire\/","url_meta":{"origin":245,"position":2},"title":"Le Conservatoire","author":"admin","date":"juin 3, 2017","format":false,"excerpt":"Grandir avec la musique, c'est votre Conservatoire \u00a0r\u00e9gional! Constitu\u00e9e en 2012 par la loi vaudoise sur les \u00e9coles de musique, la Fondation pour l\u2019enseignement de la musique (FEM), financ\u00e9e par l'Etat de Vaud et les communes, tend vers \u00a0la mise \u00e0 niveau des conditions de travail des\u00a0enseignants et l\u2019harmonisation des\u2026","rel":"","context":"Dans &quot;Le Conservatoire&quot;","block_context":{"text":"Le Conservatoire","link":"https:\/\/cgdv.ch\/2017\/category\/le-conservatoire\/"},"img":{"alt_text":"","src":"https:\/\/i0.wp.com\/cgdv.ch\/2017\/wp-content\/uploads\/2017\/10\/SAM_1553-269x300.jpg?resize=350%2C200&ssl=1","width":350,"height":200},"classes":[]},{"id":268,"url":"https:\/\/cgdv.ch\/2017\/revue-de-presse\/","url_meta":{"origin":245,"position":3},"title":"Revue de presse","author":"admin","date":"septembre 26, 2017","format":false,"excerpt":"Portes Ouvertes, 11 mai 2019 \u00a0lire l'article +.... Les \u00e9l\u00e8ves du Conservatoire des R\u00e9gions f\u00eatent No\u00ebl L\u2019Echo du Gros-de-Vaud 21.12.2018 + lire\u2026.. Le Conservatoire de musique du Gros-de-Vaud a particip\u00e9 \u00e0 la cr\u00e9ation du Conservatoire des R\u00e9gions -14.09.18..+ lire\u00a0 Le Conservatoire de musique du Gros-de-Vaud a particip\u00e9 \u00e0 la cr\u00e9ation\u2026","rel":"","context":"Dans &quot;Le Conservatoire&quot;","block_context":{"text":"Le Conservatoire","link":"https:\/\/cgdv.ch\/2017\/category\/le-conservatoire\/"},"img":{"alt_text":"","src":"https:\/\/i0.wp.com\/cgdv.ch\/2017\/wp-content\/uploads\/2018\/05\/repetition-3047719_1920-300x300.jpg?resize=350%2C200&ssl=1","width":350,"height":200},"classes":[]},{"id":109,"url":"https:\/\/cgdv.ch\/2017\/inscription-et-reglement\/","url_meta":{"origin":245,"position":4},"title":"Inscription et r\u00e8glement","author":"admin","date":"juin 11, 2017","format":false,"excerpt":"CONDITIONS GENERALES (extrait du r\u00e8glement ) 1-Par sa signature, l\u2019\u00e9l\u00e8ve, ou son repr\u00e9sentant l\u00e9gal, d\u00e9clare accepter le pr\u00e9sent r\u00e8glement et conna\u00eetre le montant de l\u2019\u00e9colage dont il doit s\u2019acquitter. 2-L'\u00e9l\u00e8ve est inscrit au Conservatoire des R\u00e9gions\/Gros-de-Vaud et non aupr\u00e8s d'un professeur. Inscription \u00e0 renvoyer \u00e0 l\u2019adresse du Conservatoire des R\u00e9gions\/\u2026","rel":"","context":"Dans &quot;Formations, cours&quot;","block_context":{"text":"Formations, cours","link":"https:\/\/cgdv.ch\/2017\/category\/formationscours\/"},"img":{"alt_text":"","src":"https:\/\/i0.wp.com\/cgdv.ch\/2017\/wp-content\/uploads\/2018\/05\/violin-1617730_1920-290x300.jpg?resize=350%2C200&ssl=1","width":350,"height":200},"classes":[]},{"id":102,"url":"https:\/\/cgdv.ch\/2017\/les-cours-theoriques\/","url_meta":{"origin":245,"position":5},"title":"Les cours th\u00e9oriques","author":"admin","date":"juin 11, 2017","format":false,"excerpt":"Les cours de solf\u00e8ge sont un compl\u00e9ment au cours d'instrument et viennent supporter les cours individuels par les notions th\u00e9oriques requises afin de pouvoir lire une partition, d\u00e9velopper l'oreille musicale (par exemple, reconnaitre une note fausse d'une note juste) et comprendre l'intention expressive du compositeur. En ce sens, ces cours\u2026","rel":"","context":"Dans &quot;Formations, cours&quot;","block_context":{"text":"Formations, cours","link":"https:\/\/cgdv.ch\/2017\/category\/formationscours\/"},"img":{"alt_text":"","src":"https:\/\/i0.wp.com\/cgdv.ch\/2017\/wp-content\/uploads\/2017\/09\/IMG_7074-300x220.jpg?resize=350%2C200&ssl=1","width":350,"height":200},"classes":[]}],"_links":{"self":[{"href":"https:\/\/cgdv.ch\/2017\/wp-json\/wp\/v2\/posts\/245","targetHints":{"allow":["GET"]}}],"collection":[{"href":"https:\/\/cgdv.ch\/2017\/wp-json\/wp\/v2\/posts"}],"about":[{"href":"https:\/\/cgdv.ch\/2017\/wp-json\/wp\/v2\/types\/post"}],"author":[{"embeddable":true,"href":"https:\/\/cgdv.ch\/2017\/wp-json\/wp\/v2\/users\/2"}],"replies":[{"embeddable":true,"href":"https:\/\/cgdv.ch\/2017\/wp-json\/wp\/v2\/comments?post=245"}],"version-history":[{"count":18,"href":"https:\/\/cgdv.ch\/2017\/wp-json\/wp\/v2\/posts\/245\/revisions"}],"predecessor-version":[{"id":1027,"href":"https:\/\/cgdv.ch\/2017\/wp-json\/wp\/v2\/posts\/245\/revisions\/1027"}],"wp:attachment":[{"href":"https:\/\/cgdv.ch\/2017\/wp-json\/wp\/v2\/media?parent=245"}],"wp:term":[{"taxonomy":"category","embeddable":true,"href":"https:\/\/cgdv.ch\/2017\/wp-json\/wp\/v2\/categories?post=245"},{"taxonomy":"post_tag","embeddable":true,"href":"https:\/\/cgdv.ch\/2017\/wp-json\/wp\/v2\/tags?post=245"}],"curies":[{"name":"wp","href":"https:\/\/api.w.org\/{rel}","templated":true}]}}