{"id":268,"date":"2017-09-26T08:39:54","date_gmt":"2017-09-26T08:39:54","guid":{"rendered":"https:\/\/cgdv.ch\/2017\/?p=268"},"modified":"2020-01-31T13:41:55","modified_gmt":"2020-01-31T13:41:55","slug":"revue-de-presse","status":"publish","type":"post","link":"https:\/\/cgdv.ch\/2017\/revue-de-presse\/","title":{"rendered":"Revue de presse"},"content":{"rendered":"<p style=\"padding-left: 60px;\"><img data-recalc-dims=\"1\" loading=\"lazy\" decoding=\"async\" data-attachment-id=\"590\" data-permalink=\"https:\/\/cgdv.ch\/2017\/revue-de-presse\/repetition-3047719_1920\/\" data-orig-file=\"https:\/\/i0.wp.com\/cgdv.ch\/2017\/wp-content\/uploads\/2018\/05\/repetition-3047719_1920.jpg?fit=1920%2C1920&amp;ssl=1\" data-orig-size=\"1920,1920\" data-comments-opened=\"1\" data-image-meta=\"{&quot;aperture&quot;:&quot;0&quot;,&quot;credit&quot;:&quot;&quot;,&quot;camera&quot;:&quot;&quot;,&quot;caption&quot;:&quot;&quot;,&quot;created_timestamp&quot;:&quot;0&quot;,&quot;copyright&quot;:&quot;&quot;,&quot;focal_length&quot;:&quot;0&quot;,&quot;iso&quot;:&quot;0&quot;,&quot;shutter_speed&quot;:&quot;0&quot;,&quot;title&quot;:&quot;&quot;,&quot;orientation&quot;:&quot;0&quot;}\" data-image-title=\"repetition-3047719_1920\" data-image-description=\"\" data-image-caption=\"\" data-large-file=\"https:\/\/i0.wp.com\/cgdv.ch\/2017\/wp-content\/uploads\/2018\/05\/repetition-3047719_1920.jpg?fit=900%2C900&amp;ssl=1\" class=\"wp-image-590 alignnone\" src=\"https:\/\/i0.wp.com\/cgdv.ch\/2017\/wp-content\/uploads\/2018\/05\/repetition-3047719_1920.jpg?resize=234%2C234&#038;ssl=1\" alt=\"\" width=\"234\" height=\"234\" srcset=\"https:\/\/i0.wp.com\/cgdv.ch\/2017\/wp-content\/uploads\/2018\/05\/repetition-3047719_1920.jpg?resize=300%2C300&amp;ssl=1 300w, https:\/\/i0.wp.com\/cgdv.ch\/2017\/wp-content\/uploads\/2018\/05\/repetition-3047719_1920.jpg?resize=150%2C150&amp;ssl=1 150w, https:\/\/i0.wp.com\/cgdv.ch\/2017\/wp-content\/uploads\/2018\/05\/repetition-3047719_1920.jpg?resize=768%2C768&amp;ssl=1 768w, https:\/\/i0.wp.com\/cgdv.ch\/2017\/wp-content\/uploads\/2018\/05\/repetition-3047719_1920.jpg?resize=1024%2C1024&amp;ssl=1 1024w, https:\/\/i0.wp.com\/cgdv.ch\/2017\/wp-content\/uploads\/2018\/05\/repetition-3047719_1920.jpg?w=1920&amp;ssl=1 1920w, https:\/\/i0.wp.com\/cgdv.ch\/2017\/wp-content\/uploads\/2018\/05\/repetition-3047719_1920.jpg?w=1800&amp;ssl=1 1800w\" sizes=\"auto, (max-width: 234px) 100vw, 234px\" \/><img data-recalc-dims=\"1\" loading=\"lazy\" decoding=\"async\" data-attachment-id=\"588\" data-permalink=\"https:\/\/cgdv.ch\/2017\/lassociation-du-conservatoire-de-musique-du-gros-de-vaud\/percussion-1594338_1920\/\" data-orig-file=\"https:\/\/i0.wp.com\/cgdv.ch\/2017\/wp-content\/uploads\/2018\/05\/percussion-1594338_1920.jpg?fit=1920%2C1045&amp;ssl=1\" data-orig-size=\"1920,1045\" data-comments-opened=\"1\" data-image-meta=\"{&quot;aperture&quot;:&quot;0&quot;,&quot;credit&quot;:&quot;&quot;,&quot;camera&quot;:&quot;&quot;,&quot;caption&quot;:&quot;&quot;,&quot;created_timestamp&quot;:&quot;0&quot;,&quot;copyright&quot;:&quot;&quot;,&quot;focal_length&quot;:&quot;0&quot;,&quot;iso&quot;:&quot;0&quot;,&quot;shutter_speed&quot;:&quot;0&quot;,&quot;title&quot;:&quot;&quot;,&quot;orientation&quot;:&quot;0&quot;}\" data-image-title=\"percussion-1594338_1920\" data-image-description=\"\" data-image-caption=\"\" data-large-file=\"https:\/\/i0.wp.com\/cgdv.ch\/2017\/wp-content\/uploads\/2018\/05\/percussion-1594338_1920.jpg?fit=900%2C490&amp;ssl=1\" class=\"alignnone wp-image-588\" src=\"https:\/\/i0.wp.com\/cgdv.ch\/2017\/wp-content\/uploads\/2018\/05\/percussion-1594338_1920.jpg?resize=433%2C235&#038;ssl=1\" alt=\"\" width=\"433\" height=\"235\" srcset=\"https:\/\/i0.wp.com\/cgdv.ch\/2017\/wp-content\/uploads\/2018\/05\/percussion-1594338_1920.jpg?resize=300%2C163&amp;ssl=1 300w, https:\/\/i0.wp.com\/cgdv.ch\/2017\/wp-content\/uploads\/2018\/05\/percussion-1594338_1920.jpg?resize=768%2C418&amp;ssl=1 768w, https:\/\/i0.wp.com\/cgdv.ch\/2017\/wp-content\/uploads\/2018\/05\/percussion-1594338_1920.jpg?resize=1024%2C557&amp;ssl=1 1024w, https:\/\/i0.wp.com\/cgdv.ch\/2017\/wp-content\/uploads\/2018\/05\/percussion-1594338_1920.jpg?resize=150%2C82&amp;ssl=1 150w, https:\/\/i0.wp.com\/cgdv.ch\/2017\/wp-content\/uploads\/2018\/05\/percussion-1594338_1920.jpg?w=1920&amp;ssl=1 1920w, https:\/\/i0.wp.com\/cgdv.ch\/2017\/wp-content\/uploads\/2018\/05\/percussion-1594338_1920.jpg?w=1800&amp;ssl=1 1800w\" sizes=\"auto, (max-width: 433px) 100vw, 433px\" \/><\/p>\n<p><em><strong>Portes Ouvertes, 11 mai 2019<\/strong> <\/em>\u00a0lire l&rsquo;article <strong><a href=\"https:\/\/cgdv.ch\/2017\/wp-content\/uploads\/2019\/05\/POCGRgdv-copie.jpg\" target=\"_blank\" rel=\"noopener noreferrer\">+&#8230;.<\/a><\/strong><\/p>\n<p><em><strong>Les \u00e9l\u00e8ves du Conservatoire des R\u00e9gions f\u00eatent No\u00ebl<\/strong><\/em><br \/>\n<span style=\"font-size: inherit;\"><em><strong>L\u2019Echo du Gros-de-Vaud 21.12.2018 <a href=\"https:\/\/cgdv.ch\/2017\/wp-content\/uploads\/2018\/12\/CDRgdv15.12.2018.jpg\" target=\"_blank\" rel=\"noopener noreferrer\">+ lire\u2026.<\/a><\/strong><\/em>.<\/span><\/p>\n<p><strong><em>Le Conservatoire de musique du Gros-de-Vaud a particip\u00e9 \u00e0 la cr\u00e9ation du Conservatoire des R\u00e9gions<\/em> <\/strong>-14.09.18..<em><a href=\"https:\/\/cgdv.ch\/2017\/wp-content\/uploads\/2018\/09\/CDR_Journal-Echo-du-Gros-de-Vaud.14.09.18.pdf\" target=\"_blank\" rel=\"noopener noreferrer\"><strong>+ lire\u00a0<\/strong><\/a><\/em><\/p>\n<p><strong><em>Le Conservatoire de musique du Gros-de-Vaud<\/em><br \/>\n<em>a particip\u00e9 \u00e0 la cr\u00e9ation du Conservatoire des R\u00e9gions<\/em>\u2026<\/strong><em><a href=\"https:\/\/cgdv.ch\/2017\/wp-content\/uploads\/2018\/09\/CDR_Journal-Echo-du-Gros-de-Vaud.14.09.18.pdf\" target=\"_blank\" rel=\"noopener noreferrer\">+ lire\u00a0<\/a><br \/>\n<\/em><strong><br \/>\n<em>Echallens et Cugy<\/em><\/strong><br \/>\nGrandir avec la musique,<br \/>\nc&rsquo;est votre Conservatoire r\u00e9gional!<br \/>\n<em>L&rsquo;Echo du Gros-de-Vaud, 09.06.2017<\/em>&#8230;<a href=\"https:\/\/cgdv.ch\/2017\/wp-content\/uploads\/2017\/09\/2.jpg\" target=\"_blank\" rel=\"noopener noreferrer\">lire<\/a><\/p>\n<p><em><strong>Le conservatoire de musique<\/strong><\/em><br \/>\n<em><strong>du Gros-de-Vaud a r\u00e9uni ses \u00e9l\u00e8ves<\/strong><\/em><br \/>\n<em>L&rsquo;Echo du Gros-de-Vaud, 23.06.2017<\/em>..<a href=\"https:\/\/cgdv.ch\/2017\/wp-content\/uploads\/2017\/09\/1.jpg\" target=\"_blank\" rel=\"noopener noreferrer\">.lire<\/a><\/p>\n<p><em><strong>Le Conservatoire de musique<\/strong><\/em><br \/>\n<em><strong>a pr\u00e9sent\u00e9 ses auditions de printemps<\/strong>.<\/em>..<a href=\"https:\/\/cgdv.ch\/2017\/wp-content\/uploads\/2017\/09\/auditions_du_Printemps_03_2017.jpg\" target=\"_blank\" rel=\"noopener noreferrer\">lire<\/a><br \/>\nL&rsquo;Echo du Gros-de-Vaud, 24.03.2017<\/p>\n<p><em><strong>Le Conservatoire du Gros-de-Vaud<\/strong><\/em><br \/>\n<em><strong>a f\u00eat\u00e9 No\u00ebl sur sc\u00e8ne.<\/strong><\/em><br \/>\nL&rsquo;Echo du Gros-de-Vaud, 13.01.2017&#8230;<a href=\"https:\/\/cgdv.ch\/2017\/wp-content\/uploads\/2017\/09\/Echo_du_Gros_de_Vaud_13_01_2017.png\" target=\"_blank\" rel=\"noopener noreferrer\">lire<\/a><\/p>\n<p><em><strong>Le Kiwanis remet un ch\u00e8que<\/strong><\/em><br \/>\n<em><strong>de 5000 francs au Conservatoire<\/strong><\/em><br \/>\n<em><strong>de musique du Gros-de-Vaud<\/strong><\/em><br \/>\n<em>L&rsquo;Echo du Gros-de-Vaud, 01 juillet 2016&#8230;<a href=\"https:\/\/cgdv.ch\/2017\/wp-content\/uploads\/2017\/09\/3.jpg\" target=\"_blank\" rel=\"noopener noreferrer\">lire<\/a><\/em><\/p>\n<p><em><strong>Conservatoire du Gros-de-Vaud<\/strong><\/em><br \/>\n<em><strong>Du Cha cha cha \u00e0 Fr\u00e8re Jacques,<\/strong><\/em><br \/>\n<em><strong>chaque \u00e2ge a jou\u00e9 sa partition avec<\/strong><\/em><br \/>\n<em><strong>le m\u00eame s\u00e9rieux et la m\u00eame \u00e9motion<\/strong><\/em><br \/>\n<em>L&rsquo;Echo du Gros-de-Vaud, 24 juin 2016&#8230;<a href=\"https:\/\/cgdv.ch\/2017\/wp-content\/uploads\/2017\/09\/4.jpg\" target=\"_blank\" rel=\"noopener noreferrer\">lire<\/a><\/em><\/p>\n<p><em><strong>Les \u00e9l\u00e8ves du Conservatoire du Gros-de Vaud<\/strong><\/em><br \/>\n<em><strong>montent sur sc\u00e8ne.<\/strong><\/em><br \/>\nL&rsquo;Echo du Gros-de-Vaud, 8 janvier 2016<\/p>\n<p><em><strong>Le Conservatoire de musique du Gros-de-Vaud<\/strong><\/em><br \/>\n<em><strong>s&rsquo;invite \u00e0 la f\u00eate de la musique<\/strong><\/em><br \/>\n<em>L&rsquo;Echo du Gros-de-Vaud, 26 juin\u00a0 2015&#8230;<a href=\"https:\/\/cgdv.ch\/2017\/wp-content\/uploads\/2017\/09\/5.jpg\" target=\"_blank\" rel=\"noopener noreferrer\">lire<\/a><\/em><\/p>\n<p><em><strong>De belles notes et des prix au Conservatoire du Gros-de-Vaud<\/strong><\/em><br \/>\nL&rsquo;Echo du Gros-de-Vaud, 4 juillet 2014<span style=\"color: #0000ff;\"><a href=\"https:\/\/cgdv.ch\/2017\/wp-content\/uploads\/2017\/11\/Cgdv4.7.2014.jpg\"><em>&#8230;lire<\/em><\/a><\/span><\/p>\n<p>Le Conservatoire du Gros-de-Vaud&#8230; f\u00eate son 20e Palmar\u00e8s<\/p>\n<p><em><strong>\u00ab\u00a0Quatorze ans d&rsquo;activit\u00e9 musicale et d&rsquo;enthousiasme cl\u00f4tur\u00e9s par un magnifique Palmar\u00e8s<\/strong><\/em><br \/>\n<em>L&rsquo;Echo du Gros-de-Vaud , 29 juin 2007<\/em><\/p>\n<p><em><strong>Grandir avec la musique&#8230;<\/strong><\/em><br \/>\n<em>L&rsquo;Echo du Gros-de-Vaud , 5 juin 2009<\/em><\/p>\n<p><em><strong>Le Conservatoire du Gros-de-Vaud a trouv\u00e9 un second souffle.<\/strong><\/em><br \/>\n<em>24 heures, le 16 f\u00e9vrier 2007\u00a0<\/em><\/p>\n<p><em><strong>Le Conservatoire du Gros-de-Vaud entre Echallens et la Cordill\u00e8re des Andes<\/strong><\/em><br \/>\n<em>Revue Musicale, mars 2007\u00a0<\/em><\/p>\n<p><em><strong>\u00ab\u00a0La musique les fait vibrer\u00a0\u00bb La TSR rend visite au Conservatoire le 7 avril 2007 pour son \u00e9mission \u00ab\u00a0Signes\u00a0\u00bb<\/strong><\/em><br \/>\n<em>\u00c9mission du 28 avril 2007&#8230;<a href=\"https:\/\/www.rts.ch\/play\/tv\/signes\/video\/floriane-au-conservatoire-de-musique?id=478149\" target=\"_blank\" rel=\"noopener noreferrer\">voir\u00a0\u00a0\u00a0 <\/a><\/em><\/p>\n","protected":false},"excerpt":{"rendered":"<p>Portes Ouvertes, 11 mai 2019 \u00a0lire l&rsquo;article +&#8230;. Les \u00e9l\u00e8ves du Conservatoire des R\u00e9gions f\u00eatent No\u00ebl L\u2019Echo du Gros-de-Vaud 21.12.2018 + lire\u2026.. Le Conservatoire de musique du Gros-de-Vaud a particip\u00e9 \u00e0 la cr\u00e9ation du Conservatoire des R\u00e9gions -14.09.18..+ lire\u00a0 Le Conservatoire de musique du Gros-de-Vaud a particip\u00e9 \u00e0 la cr\u00e9ation&#8230;<\/p>\n<p> <a class=\"continue-reading-link\" href=\"https:\/\/cgdv.ch\/2017\/revue-de-presse\/\"><span>Continue reading<\/span><i class=\"crycon-right-dir\"><\/i><\/a> <\/p>\n","protected":false},"author":2,"featured_media":0,"comment_status":"closed","ping_status":"closed","sticky":false,"template":"","format":"standard","meta":{"jetpack_post_was_ever_published":false,"_jetpack_newsletter_access":"","_jetpack_dont_email_post_to_subs":false,"_jetpack_newsletter_tier_id":0,"_jetpack_memberships_contains_paywalled_content":false,"_jetpack_memberships_contains_paid_content":false,"footnotes":"","jetpack_publicize_message":"","jetpack_publicize_feature_enabled":true,"jetpack_social_post_already_shared":true,"jetpack_social_options":{"image_generator_settings":{"template":"highway","default_image_id":0,"font":"","enabled":false},"version":2}},"categories":[5],"tags":[],"class_list":["post-268","post","type-post","status-publish","format-standard","hentry","category-le-conservatoire"],"jetpack_publicize_connections":[],"jetpack_featured_media_url":"","jetpack_sharing_enabled":false,"jetpack_shortlink":"https:\/\/wp.me\/p9doYr-4k","jetpack_likes_enabled":false,"jetpack-related-posts":[{"id":210,"url":"https:\/\/cgdv.ch\/2017\/lassociation-du-conservatoire-de-musique-du-gros-de-vaud\/","url_meta":{"origin":268,"position":0},"title":"L&rsquo;association du Conservatoire des R\u00e9gions\/Gros-de-Vaud","author":"admin","date":"septembre 21, 2017","format":false,"excerpt":"Depuis 1994, sous le nom d\u2019Association du Conservatoire de Musique du Gros-de-Vaud, il est cr\u00e9\u00e9 une Association \u00e0 but non lucratif r\u00e9gie par des statuts et par les articles 60 et suivants du Code civil suisse . Notre association a pour but \u00a0: - de promouvoir et d\u00e9velopper une vie\u2026","rel":"","context":"Dans &quot;L'Association&quot;","block_context":{"text":"L'Association","link":"https:\/\/cgdv.ch\/2017\/category\/lassociation\/"},"img":{"alt_text":"","src":"https:\/\/i0.wp.com\/cgdv.ch\/2017\/wp-content\/uploads\/2022\/06\/Capture-decran-2022-06-22-a-09.59.58-e1668083175780.png?resize=350%2C200&ssl=1","width":350,"height":200,"srcset":"https:\/\/i0.wp.com\/cgdv.ch\/2017\/wp-content\/uploads\/2022\/06\/Capture-decran-2022-06-22-a-09.59.58-e1668083175780.png?resize=350%2C200&ssl=1 1x, https:\/\/i0.wp.com\/cgdv.ch\/2017\/wp-content\/uploads\/2022\/06\/Capture-decran-2022-06-22-a-09.59.58-e1668083175780.png?resize=525%2C300&ssl=1 1.5x, https:\/\/i0.wp.com\/cgdv.ch\/2017\/wp-content\/uploads\/2022\/06\/Capture-decran-2022-06-22-a-09.59.58-e1668083175780.png?resize=700%2C400&ssl=1 2x"},"classes":[]},{"id":109,"url":"https:\/\/cgdv.ch\/2017\/inscription-et-reglement\/","url_meta":{"origin":268,"position":1},"title":"Inscription et r\u00e8glement","author":"admin","date":"juin 11, 2017","format":false,"excerpt":"CONDITIONS GENERALES (extrait du r\u00e8glement ) 1-Par sa signature, l\u2019\u00e9l\u00e8ve, ou son repr\u00e9sentant l\u00e9gal, d\u00e9clare accepter le pr\u00e9sent r\u00e8glement et conna\u00eetre le montant de l\u2019\u00e9colage dont il doit s\u2019acquitter. 2-L'\u00e9l\u00e8ve est inscrit au Conservatoire des R\u00e9gions\/Gros-de-Vaud et non aupr\u00e8s d'un professeur. Inscription \u00e0 renvoyer \u00e0 l\u2019adresse du Conservatoire des R\u00e9gions\/\u2026","rel":"","context":"Dans &quot;Formations, cours&quot;","block_context":{"text":"Formations, cours","link":"https:\/\/cgdv.ch\/2017\/category\/formationscours\/"},"img":{"alt_text":"","src":"https:\/\/i0.wp.com\/cgdv.ch\/2017\/wp-content\/uploads\/2018\/05\/violin-1617730_1920-290x300.jpg?resize=350%2C200&ssl=1","width":350,"height":200},"classes":[]},{"id":87,"url":"https:\/\/cgdv.ch\/2017\/le-conservatoire\/","url_meta":{"origin":268,"position":2},"title":"Le Conservatoire","author":"admin","date":"juin 3, 2017","format":false,"excerpt":"Grandir avec la musique, c'est votre Conservatoire \u00a0r\u00e9gional! Constitu\u00e9e en 2012 par la loi vaudoise sur les \u00e9coles de musique, la Fondation pour l\u2019enseignement de la musique (FEM), financ\u00e9e par l'Etat de Vaud et les communes, tend vers \u00a0la mise \u00e0 niveau des conditions de travail des\u00a0enseignants et l\u2019harmonisation des\u2026","rel":"","context":"Dans &quot;Le Conservatoire&quot;","block_context":{"text":"Le Conservatoire","link":"https:\/\/cgdv.ch\/2017\/category\/le-conservatoire\/"},"img":{"alt_text":"","src":"https:\/\/i0.wp.com\/cgdv.ch\/2017\/wp-content\/uploads\/2017\/10\/SAM_1553-269x300.jpg?resize=350%2C200&ssl=1","width":350,"height":200},"classes":[]},{"id":233,"url":"https:\/\/cgdv.ch\/2017\/multimedias\/","url_meta":{"origin":268,"position":3},"title":"Multim\u00e9dias","author":"admin","date":"ao\u00fbt 21, 2022","format":false,"excerpt":"\"GRANDIR AVEC LA MUSIQUE DE BACH A PIAZZOLLA\" Ce titre pourrait \u00eatre le slogan du Conservatoire. Or, c'est celui du compact-disc enregistr\u00e9 par les \u00e9l\u00e8ves en fin d'ann\u00e9e 1997. Ce fut une id\u00e9e lanc\u00e9e par le directeur du Conservatoire lors de l'assembl\u00e9e g\u00e9n\u00e9rale de l'an dernier. Elle avait pour but\u2026","rel":"","context":"Dans &quot;Multim\u00e9dias&quot;","block_context":{"text":"Multim\u00e9dias","link":"https:\/\/cgdv.ch\/2017\/category\/multimedias\/"},"img":{"alt_text":"","src":"https:\/\/i0.wp.com\/cgdv.ch\/2017\/wp-content\/uploads\/2017\/09\/cgdvgrandir_avec_la_musique.jpg?resize=350%2C200&ssl=1","width":350,"height":200},"classes":[]},{"id":213,"url":"https:\/\/cgdv.ch\/2017\/nous-contacter\/","url_meta":{"origin":268,"position":4},"title":"Nous contacter","author":"admin","date":"septembre 21, 2017","format":false,"excerpt":"Direction Octavio Tapia et Claudia H\u00fcging conservatoiregdv(at)gmail.com Adresse : Conservatoire de musique du Gros-de-Vaud Place du Ch\u00e2teau 8 1040 Echallens Lieux des cours: Place du Ch\u00e2teau 8 1er \u00e9tage 1040 Echallens Coll\u00e8ge de la Chavanne 1053 Cugy","rel":"","context":"Dans &quot;Nous contacter&quot;","block_context":{"text":"Nous contacter","link":"https:\/\/cgdv.ch\/2017\/category\/nous-contacter\/"},"img":{"alt_text":"","src":"https:\/\/i0.wp.com\/cgdv.ch\/2017\/wp-content\/uploads\/2018\/05\/classical-music-1838390_1920-300x200.jpg?resize=350%2C200&ssl=1","width":350,"height":200},"classes":[]},{"id":39,"url":"https:\/\/cgdv.ch\/2017\/la-musique-est-une-ecole-de-vie\/","url_meta":{"origin":268,"position":5},"title":"La musique est une \u00e9cole de vie.","author":"admin","date":"mai 19, 2017","format":false,"excerpt":"Le Conservatoire de musique du\u00a0 Gros-de-Vaud vous offre : Cours individuels d'instruments de 30' (d\u00e9butants jusqu'\u00e0 7 ans ), 45' ou 60 minutes. Une pratique vivante de la musique par le biais d\u2019une solide formation th\u00e9orique et instrumentale. Un enseignement dispens\u00e9 par des professeurs dipl\u00f4m\u00e9s et adh\u00e9r\u00e9s\u00a0 \u00e0 la Soci\u00e9t\u00e9\u2026","rel":"","context":"Dans &quot;Formations, cours&quot;","block_context":{"text":"Formations, cours","link":"https:\/\/cgdv.ch\/2017\/category\/formationscours\/"},"img":{"alt_text":"","src":"https:\/\/i0.wp.com\/cgdv.ch\/2017\/wp-content\/uploads\/2017\/06\/DSC_0592-300x223.jpg?resize=350%2C200&ssl=1","width":350,"height":200},"classes":[]}],"_links":{"self":[{"href":"https:\/\/cgdv.ch\/2017\/wp-json\/wp\/v2\/posts\/268","targetHints":{"allow":["GET"]}}],"collection":[{"href":"https:\/\/cgdv.ch\/2017\/wp-json\/wp\/v2\/posts"}],"about":[{"href":"https:\/\/cgdv.ch\/2017\/wp-json\/wp\/v2\/types\/post"}],"author":[{"embeddable":true,"href":"https:\/\/cgdv.ch\/2017\/wp-json\/wp\/v2\/users\/2"}],"replies":[{"embeddable":true,"href":"https:\/\/cgdv.ch\/2017\/wp-json\/wp\/v2\/comments?post=268"}],"version-history":[{"count":43,"href":"https:\/\/cgdv.ch\/2017\/wp-json\/wp\/v2\/posts\/268\/revisions"}],"predecessor-version":[{"id":1276,"href":"https:\/\/cgdv.ch\/2017\/wp-json\/wp\/v2\/posts\/268\/revisions\/1276"}],"wp:attachment":[{"href":"https:\/\/cgdv.ch\/2017\/wp-json\/wp\/v2\/media?parent=268"}],"wp:term":[{"taxonomy":"category","embeddable":true,"href":"https:\/\/cgdv.ch\/2017\/wp-json\/wp\/v2\/categories?post=268"},{"taxonomy":"post_tag","embeddable":true,"href":"https:\/\/cgdv.ch\/2017\/wp-json\/wp\/v2\/tags?post=268"}],"curies":[{"name":"wp","href":"https:\/\/api.w.org\/{rel}","templated":true}]}}