{"id":87,"date":"2017-06-03T11:17:33","date_gmt":"2017-06-03T11:17:33","guid":{"rendered":"https:\/\/cgdv.ch\/2017\/?p=87"},"modified":"2019-07-03T14:16:15","modified_gmt":"2019-07-03T14:16:15","slug":"le-conservatoire","status":"publish","type":"post","link":"https:\/\/cgdv.ch\/2017\/le-conservatoire\/","title":{"rendered":"Le Conservatoire"},"content":{"rendered":"<p style=\"padding-left: 60px;\"><span style=\"color: #000000;\"><strong><img data-recalc-dims=\"1\" loading=\"lazy\" decoding=\"async\" data-attachment-id=\"358\" data-permalink=\"https:\/\/cgdv.ch\/2017\/le-conservatoire\/sam_1553\/\" data-orig-file=\"https:\/\/i0.wp.com\/cgdv.ch\/2017\/wp-content\/uploads\/2017\/10\/SAM_1553.jpg?fit=1322%2C1477&amp;ssl=1\" data-orig-size=\"1322,1477\" data-comments-opened=\"1\" data-image-meta=\"{&quot;aperture&quot;:&quot;3.3&quot;,&quot;credit&quot;:&quot;&quot;,&quot;camera&quot;:&quot;SAMSUNG ES20\/ VLUU ES20\/ SAMSUNG SL35&quot;,&quot;caption&quot;:&quot;&quot;,&quot;created_timestamp&quot;:&quot;1281404454&quot;,&quot;copyright&quot;:&quot;Copyright 2009&quot;,&quot;focal_length&quot;:&quot;8.72&quot;,&quot;iso&quot;:&quot;80&quot;,&quot;shutter_speed&quot;:&quot;0.011111111111111&quot;,&quot;title&quot;:&quot;&quot;,&quot;orientation&quot;:&quot;1&quot;}\" data-image-title=\"SAM_1553\" data-image-description=\"\" data-image-caption=\"\" data-large-file=\"https:\/\/i0.wp.com\/cgdv.ch\/2017\/wp-content\/uploads\/2017\/10\/SAM_1553.jpg?fit=900%2C1005&amp;ssl=1\" class=\"wp-image-358 alignleft\" src=\"https:\/\/i0.wp.com\/cgdv.ch\/2017\/wp-content\/uploads\/2017\/10\/SAM_1553.jpg?resize=244%2C272&#038;ssl=1\" alt=\"\" width=\"244\" height=\"272\" srcset=\"https:\/\/i0.wp.com\/cgdv.ch\/2017\/wp-content\/uploads\/2017\/10\/SAM_1553.jpg?resize=269%2C300&amp;ssl=1 269w, https:\/\/i0.wp.com\/cgdv.ch\/2017\/wp-content\/uploads\/2017\/10\/SAM_1553.jpg?resize=768%2C858&amp;ssl=1 768w, https:\/\/i0.wp.com\/cgdv.ch\/2017\/wp-content\/uploads\/2017\/10\/SAM_1553.jpg?resize=917%2C1024&amp;ssl=1 917w, https:\/\/i0.wp.com\/cgdv.ch\/2017\/wp-content\/uploads\/2017\/10\/SAM_1553.jpg?resize=134%2C150&amp;ssl=1 134w, https:\/\/i0.wp.com\/cgdv.ch\/2017\/wp-content\/uploads\/2017\/10\/SAM_1553.jpg?w=1322&amp;ssl=1 1322w\" sizes=\"auto, (max-width: 244px) 100vw, 244px\" \/><span style=\"color: #000000;\">Grandir avec la musique, c&rsquo;est votre Conservatoire &nbsp;r\u00e9gional!<\/span><\/strong><\/span><\/p>\n<p style=\"padding-left: 60px;\"><em><strong>Constitu\u00e9e en 2012 par la loi vaudoise sur les \u00e9coles de musique, la Fondation pour l\u2019enseignement de la musique (FEM), financ\u00e9e par l&rsquo;Etat de Vaud et les communes, tend vers &nbsp;la mise \u00e0 niveau des conditions de travail des&nbsp;enseignants et l\u2019harmonisation des \u00e9colages sur le plan cantonal. Au b\u00e9n\u00e9fice de la reconnaissance pour l\u2019enseignement musical de base et des subventions vers\u00e9es par la FEM, le Conservatoire de musique&nbsp;<\/strong><\/em><em><strong>Classique et Actuelle du Gros-de-Vaud est la seule \u00e9cole de musique ind\u00e9pendante reconnue et subventionn\u00e9e par la FEM pour la r\u00e9gion du Gros-de-Vaud. Gr\u00e2ce au soutien de ses communes-h\u00f4tes, situ\u00e9 au coeur du chef-lieu du district, au Ch\u00e2teau d&rsquo;Echallens, votre Conservatoire rayonne d\u00e9sormais aussi \u00e0 Cugy, aux coll\u00e8ges&nbsp; de la Chavanne et de la Combe , avec la vocation de s\u2019\u00e9tendre encore dans les communes avoisinantes, si la pr\u00e9sence de jeunes \u00e9l\u00e8ves en nombre suffisant justifie l\u2019ouverture de classes d\u00e9centralis\u00e9es.<\/strong><\/em><\/p>\n<p style=\"padding-left: 60px;\">Avec le temps, fort de ses vingt-cinq ans d\u2019histoire, le Conservatoire de musique Classique et Actuelle du Gros-de-Vaud a pu se doter des moyens et de l\u2019exp\u00e9rience n\u00e9cessaires pour dispenser une formation musicale basique de qualit\u00e9 d\u00e9di\u00e9e \u00e0 tous. L\u2019offre consiste principalement en culture musicale, cours d\u2019instruments et solf\u00e8ge, cours collectifs, individuels, musique instrumentale et chorale, en groupe et en public. L&rsquo;\u00e9l\u00e8ve devient rapidement un musicien conscient de l\u2019int\u00e9r\u00eat qu\u2019il suscite. Par l\u2019\u00e9coute de ses pairs, des familles et du public bienveillant de ses proches et voisins, il apprivoise ainsi avec le temps la capacit\u00e9 communicative de l\u2019interpr\u00e9tation musicale.<\/p>\n<p style=\"padding-left: 60px;\">Dans le souci d\u2019un abord doux et naturel de la musique par les tout-petits, l\u2019\u00e9veil musical leur permet d&rsquo;appr\u00e9hender la th\u00e9orie musicale autant que la pratique instrumentale et l\u2019expression vocale de mani\u00e8re ludique. S\u2019ils s\u2019orientent ensuite vers l\u2019apprentissage d\u2019un instrument \u2013 et l\u2019offre est non seulement vari\u00e9e mais en constante \u00e9volution \u2013 les jeunes de tous \u00e2ges trouvent une formation adapt\u00e9e \u00e0 leur niveau et leur sensibilit\u00e9, en cours collectifs ou individuels, avec un accent fort mis sur la pratique de la musique en groupe, adapt\u00e9e aux comp\u00e9tences, aux envies et au style des int\u00e9ress\u00e9s et ce, d\u00e8s la premi\u00e8re ann\u00e9e d&rsquo;apprentissage de l&rsquo;instrument.<\/p>\n<p style=\"padding-left: 60px;\">Persuad\u00e9s que la musique est un moyen de partager avec d&rsquo;autres, un outil de communication \u00e0 la fois particulier et universel, les animateurs du Conservatoire, la direction et le corps professoral s\u2019engagent \u00e0 sans cesse promouvoir un esprit de solidarit\u00e9 active entre les \u00e9l\u00e8ves. Ainsi, divers ateliers jazz, pop, rock permettent \u00e0 ceux-ci de jouer entre copains, de participer \u00e0 des groupes instrumentaux tous instruments confondus d\u00e8s le plus jeune \u00e2ge, de mettre sur pied des ch\u0153urs ponctuels form\u00e9s d\u2019\u00e9l\u00e8ves et accompagn\u00e9s par d\u2019autres et, pour les plus avanc\u00e9s et les plus motiv\u00e9s, la possibilit\u00e9 de jouer au sein de l&rsquo; Ensemble Instrumental o\u00f9 ils c\u00f4toient leurs professeurs (tous titulaires d\u2019un master HEMU en p\u00e9dagogie et artistiquement actifs) sur les sc\u00e8nes o\u00f9 l\u2019Ensemble est parfois invit\u00e9 \u00e0 se produire.<\/p>\n<p style=\"padding-left: 60px;\">D\u2019une part les enfants acqui\u00e8rent rapidement la ma\u00eetrise de notions th\u00e9oriques rudimentaires \u2013parfois exig\u00e9es par les programmes scolaires mais ils ont \u00e9galement maintes occasions, par le biais de leur formation et de leurs rencontres au Conservatoire, de se pr\u00e9senter sur sc\u00e8ne. Ainsi, le Conservatoire du Gros-de-Vaud se d\u00e9marque de la plupart des autres \u00e9coles du Canton par le nombre et la vari\u00e9t\u00e9 des manifestations qu\u2019il organise tout au long de l\u2019ann\u00e9e scolaire (auditions, concerts, f\u00eates). Les \u00e9l\u00e8ves acqui\u00e8rent donc ici non seulement une formation musicale, mais aussi toute une \u00e9ducation sociale et culturelle, leur permettant d&rsquo;apprendre, de pers\u00e9v\u00e9rer pour progresser et de se forger une personnalit\u00e9 propre de musicien en herbe, avec un bagage th\u00e9orique qui les ouvre sur l\u2019horizon de toutes les musiques classiques et actuelles.<\/p>\n<p style=\"padding-left: 60px;\"><strong>Pour plus de renseignements:<\/strong><\/p>\n<p style=\"padding-left: 60px;\"><strong>Octavio Tapia et Claudia H\u00fcging, direction<br \/>\n<\/strong><strong>Place du Ch\u00e2teau no 8, 1er \u00e9tage, 1040 Echallens.<br \/>\n<\/strong><span style=\"color: #000000;\"><a style=\"color: #000000;\" href=\"mailto:info@cgdv.ch\"><strong>info@cgdv.ch<\/strong><\/a><strong> &#8211; 076.503.15.49<\/strong><\/span><\/p>\n","protected":false},"excerpt":{"rendered":"<p>Grandir avec la musique, c&rsquo;est votre Conservatoire &nbsp;r\u00e9gional! Constitu\u00e9e en 2012 par la loi vaudoise sur les \u00e9coles de musique, la Fondation pour l\u2019enseignement de la musique (FEM), financ\u00e9e par l&rsquo;Etat de Vaud et les communes, tend vers &nbsp;la mise \u00e0 niveau des conditions de travail des&nbsp;enseignants et l\u2019harmonisation des&#8230;<\/p>\n<p> <a class=\"continue-reading-link\" href=\"https:\/\/cgdv.ch\/2017\/le-conservatoire\/\"><span>Continue reading<\/span><i class=\"crycon-right-dir\"><\/i><\/a> <\/p>\n","protected":false},"author":2,"featured_media":0,"comment_status":"closed","ping_status":"closed","sticky":false,"template":"","format":"standard","meta":{"jetpack_post_was_ever_published":false,"_jetpack_newsletter_access":"","_jetpack_dont_email_post_to_subs":false,"_jetpack_newsletter_tier_id":0,"_jetpack_memberships_contains_paywalled_content":false,"_jetpack_memberships_contains_paid_content":false,"footnotes":"","jetpack_publicize_message":"","jetpack_publicize_feature_enabled":true,"jetpack_social_post_already_shared":false,"jetpack_social_options":{"image_generator_settings":{"template":"highway","default_image_id":0,"font":"","enabled":false},"version":2}},"categories":[5],"tags":[],"class_list":["post-87","post","type-post","status-publish","format-standard","hentry","category-le-conservatoire"],"jetpack_publicize_connections":[],"jetpack_featured_media_url":"","jetpack_sharing_enabled":false,"jetpack_shortlink":"https:\/\/wp.me\/p9doYr-1p","jetpack_likes_enabled":true,"jetpack-related-posts":[{"id":268,"url":"https:\/\/cgdv.ch\/2017\/revue-de-presse\/","url_meta":{"origin":87,"position":0},"title":"Revue de presse","author":"admin","date":"septembre 26, 2017","format":false,"excerpt":"Portes Ouvertes, 11 mai 2019 \u00a0lire l'article +.... Les \u00e9l\u00e8ves du Conservatoire des R\u00e9gions f\u00eatent No\u00ebl L\u2019Echo du Gros-de-Vaud 21.12.2018 + lire\u2026.. Le Conservatoire de musique du Gros-de-Vaud a particip\u00e9 \u00e0 la cr\u00e9ation du Conservatoire des R\u00e9gions -14.09.18..+ lire\u00a0 Le Conservatoire de musique du Gros-de-Vaud a particip\u00e9 \u00e0 la cr\u00e9ation\u2026","rel":"","context":"Dans &quot;Le Conservatoire&quot;","block_context":{"text":"Le Conservatoire","link":"https:\/\/cgdv.ch\/2017\/category\/le-conservatoire\/"},"img":{"alt_text":"","src":"https:\/\/i0.wp.com\/cgdv.ch\/2017\/wp-content\/uploads\/2018\/05\/repetition-3047719_1920-300x300.jpg?resize=350%2C200&ssl=1","width":350,"height":200},"classes":[]},{"id":210,"url":"https:\/\/cgdv.ch\/2017\/lassociation-du-conservatoire-de-musique-du-gros-de-vaud\/","url_meta":{"origin":87,"position":1},"title":"L&rsquo;association du Conservatoire des R\u00e9gions\/Gros-de-Vaud","author":"admin","date":"septembre 21, 2017","format":false,"excerpt":"Depuis 1994, sous le nom d\u2019Association du Conservatoire de Musique du Gros-de-Vaud, il est cr\u00e9\u00e9 une Association \u00e0 but non lucratif r\u00e9gie par des statuts et par les articles 60 et suivants du Code civil suisse . Notre association a pour but \u00a0: - de promouvoir et d\u00e9velopper une vie\u2026","rel":"","context":"Dans &quot;L'Association&quot;","block_context":{"text":"L'Association","link":"https:\/\/cgdv.ch\/2017\/category\/lassociation\/"},"img":{"alt_text":"","src":"https:\/\/i0.wp.com\/cgdv.ch\/2017\/wp-content\/uploads\/2022\/06\/Capture-decran-2022-06-22-a-09.59.58-e1668083175780.png?resize=350%2C200&ssl=1","width":350,"height":200,"srcset":"https:\/\/i0.wp.com\/cgdv.ch\/2017\/wp-content\/uploads\/2022\/06\/Capture-decran-2022-06-22-a-09.59.58-e1668083175780.png?resize=350%2C200&ssl=1 1x, https:\/\/i0.wp.com\/cgdv.ch\/2017\/wp-content\/uploads\/2022\/06\/Capture-decran-2022-06-22-a-09.59.58-e1668083175780.png?resize=525%2C300&ssl=1 1.5x, https:\/\/i0.wp.com\/cgdv.ch\/2017\/wp-content\/uploads\/2022\/06\/Capture-decran-2022-06-22-a-09.59.58-e1668083175780.png?resize=700%2C400&ssl=1 2x"},"classes":[]},{"id":233,"url":"https:\/\/cgdv.ch\/2017\/multimedias\/","url_meta":{"origin":87,"position":2},"title":"Multim\u00e9dias","author":"admin","date":"ao\u00fbt 21, 2022","format":false,"excerpt":"\"GRANDIR AVEC LA MUSIQUE DE BACH A PIAZZOLLA\" Ce titre pourrait \u00eatre le slogan du Conservatoire. Or, c'est celui du compact-disc enregistr\u00e9 par les \u00e9l\u00e8ves en fin d'ann\u00e9e 1997. Ce fut une id\u00e9e lanc\u00e9e par le directeur du Conservatoire lors de l'assembl\u00e9e g\u00e9n\u00e9rale de l'an dernier. Elle avait pour but\u2026","rel":"","context":"Dans &quot;Multim\u00e9dias&quot;","block_context":{"text":"Multim\u00e9dias","link":"https:\/\/cgdv.ch\/2017\/category\/multimedias\/"},"img":{"alt_text":"","src":"https:\/\/i0.wp.com\/cgdv.ch\/2017\/wp-content\/uploads\/2017\/09\/cgdvgrandir_avec_la_musique.jpg?resize=350%2C200&ssl=1","width":350,"height":200},"classes":[]},{"id":39,"url":"https:\/\/cgdv.ch\/2017\/la-musique-est-une-ecole-de-vie\/","url_meta":{"origin":87,"position":3},"title":"La musique est une \u00e9cole de vie.","author":"admin","date":"mai 19, 2017","format":false,"excerpt":"Le Conservatoire de musique du\u00a0 Gros-de-Vaud vous offre : Cours individuels d'instruments de 30' (d\u00e9butants jusqu'\u00e0 7 ans ), 45' ou 60 minutes. Une pratique vivante de la musique par le biais d\u2019une solide formation th\u00e9orique et instrumentale. Un enseignement dispens\u00e9 par des professeurs dipl\u00f4m\u00e9s et adh\u00e9r\u00e9s\u00a0 \u00e0 la Soci\u00e9t\u00e9\u2026","rel":"","context":"Dans &quot;Formations, cours&quot;","block_context":{"text":"Formations, cours","link":"https:\/\/cgdv.ch\/2017\/category\/formationscours\/"},"img":{"alt_text":"","src":"https:\/\/i0.wp.com\/cgdv.ch\/2017\/wp-content\/uploads\/2017\/06\/DSC_0592-300x223.jpg?resize=350%2C200&ssl=1","width":350,"height":200},"classes":[]},{"id":109,"url":"https:\/\/cgdv.ch\/2017\/inscription-et-reglement\/","url_meta":{"origin":87,"position":4},"title":"Inscription et r\u00e8glement","author":"admin","date":"juin 11, 2017","format":false,"excerpt":"CONDITIONS GENERALES (extrait du r\u00e8glement ) 1-Par sa signature, l\u2019\u00e9l\u00e8ve, ou son repr\u00e9sentant l\u00e9gal, d\u00e9clare accepter le pr\u00e9sent r\u00e8glement et conna\u00eetre le montant de l\u2019\u00e9colage dont il doit s\u2019acquitter. 2-L'\u00e9l\u00e8ve est inscrit au Conservatoire des R\u00e9gions\/Gros-de-Vaud et non aupr\u00e8s d'un professeur. Inscription \u00e0 renvoyer \u00e0 l\u2019adresse du Conservatoire des R\u00e9gions\/\u2026","rel":"","context":"Dans &quot;Formations, cours&quot;","block_context":{"text":"Formations, cours","link":"https:\/\/cgdv.ch\/2017\/category\/formationscours\/"},"img":{"alt_text":"","src":"https:\/\/i0.wp.com\/cgdv.ch\/2017\/wp-content\/uploads\/2018\/05\/violin-1617730_1920-290x300.jpg?resize=350%2C200&ssl=1","width":350,"height":200},"classes":[]},{"id":213,"url":"https:\/\/cgdv.ch\/2017\/nous-contacter\/","url_meta":{"origin":87,"position":5},"title":"Nous contacter","author":"admin","date":"septembre 21, 2017","format":false,"excerpt":"Direction Octavio Tapia et Claudia H\u00fcging conservatoiregdv(at)gmail.com Adresse : Conservatoire de musique du Gros-de-Vaud Place du Ch\u00e2teau 8 1040 Echallens Lieux des cours: Place du Ch\u00e2teau 8 1er \u00e9tage 1040 Echallens Coll\u00e8ge de la Chavanne 1053 Cugy","rel":"","context":"Dans &quot;Nous contacter&quot;","block_context":{"text":"Nous contacter","link":"https:\/\/cgdv.ch\/2017\/category\/nous-contacter\/"},"img":{"alt_text":"","src":"https:\/\/i0.wp.com\/cgdv.ch\/2017\/wp-content\/uploads\/2018\/05\/classical-music-1838390_1920-300x200.jpg?resize=350%2C200&ssl=1","width":350,"height":200},"classes":[]}],"_links":{"self":[{"href":"https:\/\/cgdv.ch\/2017\/wp-json\/wp\/v2\/posts\/87","targetHints":{"allow":["GET"]}}],"collection":[{"href":"https:\/\/cgdv.ch\/2017\/wp-json\/wp\/v2\/posts"}],"about":[{"href":"https:\/\/cgdv.ch\/2017\/wp-json\/wp\/v2\/types\/post"}],"author":[{"embeddable":true,"href":"https:\/\/cgdv.ch\/2017\/wp-json\/wp\/v2\/users\/2"}],"replies":[{"embeddable":true,"href":"https:\/\/cgdv.ch\/2017\/wp-json\/wp\/v2\/comments?post=87"}],"version-history":[{"count":14,"href":"https:\/\/cgdv.ch\/2017\/wp-json\/wp\/v2\/posts\/87\/revisions"}],"predecessor-version":[{"id":1035,"href":"https:\/\/cgdv.ch\/2017\/wp-json\/wp\/v2\/posts\/87\/revisions\/1035"}],"wp:attachment":[{"href":"https:\/\/cgdv.ch\/2017\/wp-json\/wp\/v2\/media?parent=87"}],"wp:term":[{"taxonomy":"category","embeddable":true,"href":"https:\/\/cgdv.ch\/2017\/wp-json\/wp\/v2\/categories?post=87"},{"taxonomy":"post_tag","embeddable":true,"href":"https:\/\/cgdv.ch\/2017\/wp-json\/wp\/v2\/tags?post=87"}],"curies":[{"name":"wp","href":"https:\/\/api.w.org\/{rel}","templated":true}]}}